{"id":1343,"date":"2023-06-20T12:36:46","date_gmt":"2023-06-20T12:36:46","guid":{"rendered":"https:\/\/www.szespisek.cz\/?p=1343"},"modified":"2023-06-20T12:36:49","modified_gmt":"2023-06-20T12:36:49","slug":"setkani-uspesnych-studentu-piseckych-skol-se-starostou-a-dalsimi-predstaviteli-mesta","status":"publish","type":"post","link":"https:\/\/www.szespisek.cz\/index.php\/2023\/06\/20\/setkani-uspesnych-studentu-piseckych-skol-se-starostou-a-dalsimi-predstaviteli-mesta\/","title":{"rendered":"Setk\u00e1n\u00ed \u00fasp\u011b\u0161n\u00fdch student\u016f p\u00edseck\u00fdch \u0161kol se starostou a dal\u0161\u00edmi p\u0159edstaviteli m\u011bsta."},"content":{"rendered":"\n<p>Ve st\u0159edu 7. 6. 2023 se uskute\u010dnilo v&nbsp;kostele nejsv\u011bt\u011bj\u0161\u00ed trojice ji\u017e tradi\u010dn\u00ed setk\u00e1n\u00ed \u00fasp\u011b\u0161n\u00fdch student\u016f ze v\u0161ech p\u00edseck\u00fdch \u0161kol s&nbsp;panem starostou a dal\u0161\u00edmi p\u0159edstaviteli m\u011bsta. Leto\u0161n\u00ed rok na\u0161i \u0161kolu reprezentovaly t\u0159i studentky a jeden student v&nbsp;roli z\u00e1stupce cel\u00e9ho t\u00fdmu. V\u0161ichni dos\u00e1hli v&nbsp;tomto \u0161koln\u00edm roce mimo\u0159\u00e1dn\u00fdch v\u00fdsledk\u016f. Byla to Ad\u00e9la ZEMANOV\u00c1 z&nbsp;2. A., kter\u00e1 se m\u016f\u017ee, mimo jin\u00e9, pochlubit 2. m\u00edstem v&nbsp;MISTROVSTV\u00cd \u010cR VE V\u0160ESTRANNOSTI \u2013 MILITARY v&nbsp;pr\u00e1ci s&nbsp;ko\u0148mi a 3. m\u00edstem v&nbsp;MEZIN\u00c1RODN\u00cd SOUT\u011a\u017dI V\u0160ESTRANNOSTI v&nbsp;Ried am Riedbergeru v&nbsp;Rakousku. D\u00e1le ANETA SL\u00c1DKOV\u00c1, ze t\u0159\u00eddy 3. A. za 1. m\u00edsto v&nbsp;krajsk\u00e9 sout\u011b\u017ei J\u00cdZDA ZRU\u010cNOSTI TRAKTOREM S&nbsp;P\u0158\u00cdVESEM &nbsp;a K\u00c1\u0164A KR\u00c1LOV\u00c1&nbsp; za 2. m\u00edsto v&nbsp;t\u00e9\u017ee sout\u011b\u017ei a posledn\u00edm byl JAKUB DU\u0160EK, jako z\u00e1stupce t\u00fdmu, kter\u00fd reprezentoval na\u0161i \u0161kolu na celost\u00e1tn\u00ed sout\u011b\u017ei v&nbsp;odborn\u00fdch dovednostech&nbsp; a znalostech v&nbsp;oblasti chovu kon\u00ed \u2013 O \u0160EM\u00cdKOVU PODKOVU, kde se t\u00fdm um\u00edstil na 2. m\u00edst\u011b.<\/p>\n\n\n\n<p>V\u0161em gratulujeme!<\/p>\n\n\n\n<p>Ing. Marie Proch\u00e1zkov\u00e1, \u0159editelka \u0161koly<\/p>\n","protected":false},"excerpt":{"rendered":"<p>Ve st\u0159edu 7. 6. 2023 se uskute\u010dnilo v&nbsp;kostele nejsv\u011bt\u011bj\u0161\u00ed trojice ji\u017e tradi\u010dn\u00ed setk\u00e1n\u00ed \u00fasp\u011b\u0161n\u00fdch student\u016f ze v\u0161ech p\u00edseck\u00fdch \u0161kol s&nbsp;panem starostou a dal\u0161\u00edmi p\u0159edstaviteli m\u011bsta. Leto\u0161n\u00ed rok na\u0161i \u0161kolu reprezentovaly t\u0159i studentky a jeden student v&nbsp;roli z\u00e1stupce cel\u00e9ho t\u00fdmu. V\u0161ichni dos\u00e1hli v&nbsp;tomto \u0161koln\u00edm roce mimo\u0159\u00e1dn\u00fdch v\u00fdsledk\u016f. Byla to Ad\u00e9la ZEMANOV\u00c1 z&nbsp;2. A., kter\u00e1 se m\u016f\u017ee, [&hellip;]<\/p>\n","protected":false},"author":2,"featured_media":0,"comment_status":"open","ping_status":"open","sticky":false,"template":"","format":"standard","meta":{"site-sidebar-layout":"default","site-content-layout":"default","ast-site-content-layout":"default","site-content-style":"default","site-sidebar-style":"default","ast-global-header-display":"","ast-banner-title-visibility":"","ast-main-header-display":"","ast-hfb-above-header-display":"","ast-hfb-below-header-display":"","ast-hfb-mobile-header-display":"","site-post-title":"","ast-breadcrumbs-content":"","ast-featured-img":"","footer-sml-layout":"","ast-disable-related-posts":"","theme-transparent-header-meta":"default","adv-header-id-meta":"","stick-header-meta":"","header-above-stick-meta":"","header-main-stick-meta":"","header-below-stick-meta":"","astra-migrate-meta-layouts":"default","ast-page-background-enabled":"default","ast-page-background-meta":{"desktop":{"background-color":"var(--ast-global-color-4)","background-image":"","background-repeat":"repeat","background-position":"center center","background-size":"auto","background-attachment":"scroll","background-type":"","background-media":"","overlay-type":"","overlay-color":"","overlay-opacity":"","overlay-gradient":""},"tablet":{"background-color":"","background-image":"","background-repeat":"repeat","background-position":"center center","background-size":"auto","background-attachment":"scroll","background-type":"","background-media":"","overlay-type":"","overlay-color":"","overlay-opacity":"","overlay-gradient":""},"mobile":{"background-color":"","background-image":"","background-repeat":"repeat","background-position":"center center","background-size":"auto","background-attachment":"scroll","background-type":"","background-media":"","overlay-type":"","overlay-color":"","overlay-opacity":"","overlay-gradient":""}},"ast-content-background-meta":{"desktop":{"background-color":"var(--ast-global-color-5)","background-image":"","background-repeat":"repeat","background-position":"center center","background-size":"auto","background-attachment":"scroll","background-type":"","background-media":"","overlay-type":"","overlay-color":"","overlay-opacity":"","overlay-gradient":""},"tablet":{"background-color":"var(--ast-global-color-5)","background-image":"","background-repeat":"repeat","background-position":"center center","background-size":"auto","background-attachment":"scroll","background-type":"","background-media":"","overlay-type":"","overlay-color":"","overlay-opacity":"","overlay-gradient":""},"mobile":{"background-color":"var(--ast-global-color-5)","background-image":"","background-repeat":"repeat","background-position":"center center","background-size":"auto","background-attachment":"scroll","background-type":"","background-media":"","overlay-type":"","overlay-color":"","overlay-opacity":"","overlay-gradient":""}},"footnotes":""},"categories":[1],"tags":[],"class_list":["post-1343","post","type-post","status-publish","format-standard","hentry","category-ostatni"],"_links":{"self":[{"href":"https:\/\/www.szespisek.cz\/index.php\/wp-json\/wp\/v2\/posts\/1343","targetHints":{"allow":["GET"]}}],"collection":[{"href":"https:\/\/www.szespisek.cz\/index.php\/wp-json\/wp\/v2\/posts"}],"about":[{"href":"https:\/\/www.szespisek.cz\/index.php\/wp-json\/wp\/v2\/types\/post"}],"author":[{"embeddable":true,"href":"https:\/\/www.szespisek.cz\/index.php\/wp-json\/wp\/v2\/users\/2"}],"replies":[{"embeddable":true,"href":"https:\/\/www.szespisek.cz\/index.php\/wp-json\/wp\/v2\/comments?post=1343"}],"version-history":[{"count":1,"href":"https:\/\/www.szespisek.cz\/index.php\/wp-json\/wp\/v2\/posts\/1343\/revisions"}],"predecessor-version":[{"id":1344,"href":"https:\/\/www.szespisek.cz\/index.php\/wp-json\/wp\/v2\/posts\/1343\/revisions\/1344"}],"wp:attachment":[{"href":"https:\/\/www.szespisek.cz\/index.php\/wp-json\/wp\/v2\/media?parent=1343"}],"wp:term":[{"taxonomy":"category","embeddable":true,"href":"https:\/\/www.szespisek.cz\/index.php\/wp-json\/wp\/v2\/categories?post=1343"},{"taxonomy":"post_tag","embeddable":true,"href":"https:\/\/www.szespisek.cz\/index.php\/wp-json\/wp\/v2\/tags?post=1343"}],"curies":[{"name":"wp","href":"https:\/\/api.w.org\/{rel}","templated":true}]}}