{"id":1474,"date":"2024-03-18T09:29:40","date_gmt":"2024-03-18T09:29:40","guid":{"rendered":"https:\/\/www.szespisek.cz\/?p=1474"},"modified":"2024-03-18T09:29:43","modified_gmt":"2024-03-18T09:29:43","slug":"studenti-szes-a-pisecky-studentsky-park","status":"publish","type":"post","link":"https:\/\/www.szespisek.cz\/index.php\/2024\/03\/18\/studenti-szes-a-pisecky-studentsky-park\/","title":{"rendered":"Studenti SZe\u0160 a P\u00edseck\u00fd studentsk\u00fd park"},"content":{"rendered":"\n<p>Studentsk\u00fd park v&nbsp;P\u00edsku vznik\u00e1 jako spolupr\u00e1ce student\u016f p\u00edseck\u00fdch st\u0159edn\u00edch \u0161kol. Park bude ur\u010den pro v\u00fdukov\u00e9 aktivity \u017e\u00e1k\u016fm M\u0160 a d\u011btem mlad\u0161\u00edho \u0161koln\u00edho v\u011bku. Bude slou\u017eit hlavn\u011b pro edukativn\u00ed \u00fa\u010dely, jako m\u00edsto setk\u00e1v\u00e1n\u00ed d\u011bt\u00ed a star\u0161\u00edch generac\u00ed.<\/p>\n\n\n\n<p>V parku budou um\u00edst\u011bny edukativn\u00ed prvky, kter\u00e9 mohou b\u00fdt vyu\u017eity p\u0159i p\u0159ed\u0161koln\u00ed v\u00fdchov\u011b \u2013 zejm\u00e9na pro environment\u00e1ln\u00ed v\u00fduku.<\/p>\n\n\n\n<p>Studenti SZe\u0160 P\u00edsek se aktivn\u011b zapojili do ve\u0161ker\u00e9 pr\u00e1ce, kter\u00e1 s&nbsp;p\u0159\u00edpravou Studentsk\u00e9ho parku souvisela.<\/p>\n\n\n\n<p>Symbolem parku bude vysazen\u00ed studentsk\u00e9ho stromu, jako znak spolupr\u00e1ce nap\u0159\u00ed\u010d generacemi.<\/p>\n\n\n\n<p>V prostorech budou um\u00edst\u011bny pta\u010d\u00ed budky, hmyz\u00ed domky, krm\u00edtka a ostatn\u00ed d\u0159ev\u011bn\u00e9 mal\u00e9 prvky. Nebudou chyb\u011bt kv\u011btinov\u00e9 z\u00e1hony, jejich\u017e v\u00fdsadbu zajist\u00ed sami studenti st\u0159edn\u00edch \u0161kol.<\/p>\n\n\n\n<p>Nad celkovou \u00fadr\u017ebou z\u00e1hon\u016f budou m\u00edt z\u00e1\u0161titu zahradnick\u00e9 obory SOU&nbsp; a St\u0159edn\u00ed zem\u011bd\u011blsk\u00e1 \u0161kola P\u00edsek. Se\u010den\u00ed tr\u00e1vy, zal\u00e9van\u00ed z\u00e1hon\u016f a stromu zajist\u00ed MS P\u00edsek.<\/p>\n\n\n\n<p>Ing. Marie Proch\u00e1zkov\u00e1<\/p>\n\n\n\n<p>\u0159editelka SZe\u0160 P\u00edsek<\/p>\n","protected":false},"excerpt":{"rendered":"<p>Studentsk\u00fd park v&nbsp;P\u00edsku vznik\u00e1 jako spolupr\u00e1ce student\u016f p\u00edseck\u00fdch st\u0159edn\u00edch \u0161kol. Park bude ur\u010den pro v\u00fdukov\u00e9 aktivity \u017e\u00e1k\u016fm M\u0160 a d\u011btem mlad\u0161\u00edho \u0161koln\u00edho v\u011bku. Bude slou\u017eit hlavn\u011b pro edukativn\u00ed \u00fa\u010dely, jako m\u00edsto setk\u00e1v\u00e1n\u00ed d\u011bt\u00ed a star\u0161\u00edch generac\u00ed. V parku budou um\u00edst\u011bny edukativn\u00ed prvky, kter\u00e9 mohou b\u00fdt vyu\u017eity p\u0159i p\u0159ed\u0161koln\u00ed v\u00fdchov\u011b \u2013 zejm\u00e9na pro environment\u00e1ln\u00ed v\u00fduku. Studenti [&hellip;]<\/p>\n","protected":false},"author":2,"featured_media":0,"comment_status":"open","ping_status":"open","sticky":false,"template":"","format":"standard","meta":{"site-sidebar-layout":"default","site-content-layout":"default","ast-site-content-layout":"default","site-content-style":"default","site-sidebar-style":"default","ast-global-header-display":"","ast-banner-title-visibility":"","ast-main-header-display":"","ast-hfb-above-header-display":"","ast-hfb-below-header-display":"","ast-hfb-mobile-header-display":"","site-post-title":"","ast-breadcrumbs-content":"","ast-featured-img":"","footer-sml-layout":"","ast-disable-related-posts":"","theme-transparent-header-meta":"default","adv-header-id-meta":"","stick-header-meta":"","header-above-stick-meta":"","header-main-stick-meta":"","header-below-stick-meta":"","astra-migrate-meta-layouts":"default","ast-page-background-enabled":"default","ast-page-background-meta":{"desktop":{"background-color":"var(--ast-global-color-4)","background-image":"","background-repeat":"repeat","background-position":"center center","background-size":"auto","background-attachment":"scroll","background-type":"","background-media":"","overlay-type":"","overlay-color":"","overlay-opacity":"","overlay-gradient":""},"tablet":{"background-color":"","background-image":"","background-repeat":"repeat","background-position":"center center","background-size":"auto","background-attachment":"scroll","background-type":"","background-media":"","overlay-type":"","overlay-color":"","overlay-opacity":"","overlay-gradient":""},"mobile":{"background-color":"","background-image":"","background-repeat":"repeat","background-position":"center center","background-size":"auto","background-attachment":"scroll","background-type":"","background-media":"","overlay-type":"","overlay-color":"","overlay-opacity":"","overlay-gradient":""}},"ast-content-background-meta":{"desktop":{"background-color":"var(--ast-global-color-5)","background-image":"","background-repeat":"repeat","background-position":"center center","background-size":"auto","background-attachment":"scroll","background-type":"","background-media":"","overlay-type":"","overlay-color":"","overlay-opacity":"","overlay-gradient":""},"tablet":{"background-color":"var(--ast-global-color-5)","background-image":"","background-repeat":"repeat","background-position":"center center","background-size":"auto","background-attachment":"scroll","background-type":"","background-media":"","overlay-type":"","overlay-color":"","overlay-opacity":"","overlay-gradient":""},"mobile":{"background-color":"var(--ast-global-color-5)","background-image":"","background-repeat":"repeat","background-position":"center center","background-size":"auto","background-attachment":"scroll","background-type":"","background-media":"","overlay-type":"","overlay-color":"","overlay-opacity":"","overlay-gradient":""}},"footnotes":""},"categories":[1],"tags":[],"class_list":["post-1474","post","type-post","status-publish","format-standard","hentry","category-ostatni"],"_links":{"self":[{"href":"https:\/\/www.szespisek.cz\/index.php\/wp-json\/wp\/v2\/posts\/1474","targetHints":{"allow":["GET"]}}],"collection":[{"href":"https:\/\/www.szespisek.cz\/index.php\/wp-json\/wp\/v2\/posts"}],"about":[{"href":"https:\/\/www.szespisek.cz\/index.php\/wp-json\/wp\/v2\/types\/post"}],"author":[{"embeddable":true,"href":"https:\/\/www.szespisek.cz\/index.php\/wp-json\/wp\/v2\/users\/2"}],"replies":[{"embeddable":true,"href":"https:\/\/www.szespisek.cz\/index.php\/wp-json\/wp\/v2\/comments?post=1474"}],"version-history":[{"count":1,"href":"https:\/\/www.szespisek.cz\/index.php\/wp-json\/wp\/v2\/posts\/1474\/revisions"}],"predecessor-version":[{"id":1475,"href":"https:\/\/www.szespisek.cz\/index.php\/wp-json\/wp\/v2\/posts\/1474\/revisions\/1475"}],"wp:attachment":[{"href":"https:\/\/www.szespisek.cz\/index.php\/wp-json\/wp\/v2\/media?parent=1474"}],"wp:term":[{"taxonomy":"category","embeddable":true,"href":"https:\/\/www.szespisek.cz\/index.php\/wp-json\/wp\/v2\/categories?post=1474"},{"taxonomy":"post_tag","embeddable":true,"href":"https:\/\/www.szespisek.cz\/index.php\/wp-json\/wp\/v2\/tags?post=1474"}],"curies":[{"name":"wp","href":"https:\/\/api.w.org\/{rel}","templated":true}]}}